{"id":9459,"date":"2026-03-10T20:25:54","date_gmt":"2026-03-11T03:25:54","guid":{"rendered":"https:\/\/www.basqueeducational.org\/?p=9459"},"modified":"2026-03-12T20:38:08","modified_gmt":"2026-03-13T03:38:08","slug":"the-little-free-basque-library-program","status":"publish","type":"post","link":"https:\/\/www.basqueeducational.org\/fr\/the-little-free-basque-library-program\/","title":{"rendered":"LE PROGRAMME DE LA PETITE BIBLIOTH\u00c8QUE BASQUE GRATUITE"},"content":{"rendered":"<p><\/p>\n\n\n\n<!--more-->\n\n\n\n<p><strong>NOUS SOMMES TR\u00c8S ENTHOUSIASTES \u00c0 L'ID\u00c9E DE METTRE EN PLACE LA PETITE BIBLIOTH\u00c8QUE GRATUITE ET DE PARTAGER LES LIVRES QUE NOUS AVONS SUR LES \u00c9TAG\u00c8RES AVEC NOTRE GRANDE COMMUNAUT\u00c9 - BASQUE OU NON.<\/strong><\/p>\n\n\n\n<p>En bref, nous retirons les livres des \u00e9tag\u00e8res de la biblioth\u00e8que et les distribuons dans des petites biblioth\u00e8ques gratuites assembl\u00e9es, peintes comme de petites maisons basques... et nous les donnons aux euskal etxeas int\u00e9ress\u00e9es dans tout le pays, ainsi qu'\u00e0 des particuliers moyennant un petit don.  <\/p>\n\n\n\n<hr class=\"wp-block-separator has-alpha-channel-opacity\"\/>\n\n\n\n<div class=\"wp-block-buttons alignwide is-content-justification-center is-layout-flex wp-container-core-buttons-is-layout-16018d1d wp-block-buttons-is-layout-flex\">\n<div class=\"wp-block-button\"><a class=\"wp-block-button__link has-white-color has-strong-red-background-color has-text-color has-background has-link-color wp-element-button\" href=\"https:\/\/www.basqueeducational.org\/little-free-basque-library\/\" style=\"border-radius:15px;padding-top:var(--wp--preset--spacing--20);padding-right:var(--wp--preset--spacing--20);padding-bottom:var(--wp--preset--spacing--20);padding-left:var(--wp--preset--spacing--20)\">POUR EN SAVOIR PLUS, CLIQUEZ ICI<\/a><\/div>\n<\/div>\n\n\n\n<hr class=\"wp-block-separator has-alpha-channel-opacity\"\/>\n\n\n\n<p><\/p>","protected":false},"excerpt":{"rendered":"<p>Nous sommes ravis de mettre en place la Petite Biblioth\u00e8que Libre et de partager les livres que nous avons...<\/p>","protected":false},"author":1,"featured_media":9460,"comment_status":"closed","ping_status":"closed","sticky":false,"template":"","format":"standard","meta":{"give_campaign_id":0,"_tec_requires_first_save":true,"_exactmetrics_skip_tracking":false,"_exactmetrics_sitenote_active":false,"_exactmetrics_sitenote_note":"","_exactmetrics_sitenote_category":0,"_price":"","_stock":"","_tribe_ticket_header":"","_tribe_default_ticket_provider":"","_tribe_ticket_capacity":"0","_ticket_start_date":"","_ticket_end_date":"","_tribe_ticket_show_description":"","_tribe_ticket_show_not_going":false,"_tribe_ticket_use_global_stock":"","_tribe_ticket_global_stock_level":"","_global_stock_mode":"","_global_stock_cap":"","_tribe_rsvp_for_event":"","_tribe_ticket_going_count":"","_tribe_ticket_not_going_count":"","_tribe_tickets_list":"[]","_tribe_ticket_has_attendee_info_fields":false,"_EventAllDay":false,"_EventTimezone":"","_EventStartDate":"","_EventEndDate":"","_EventStartDateUTC":"","_EventEndDateUTC":"","_EventShowMap":false,"_EventShowMapLink":false,"_EventURL":"","_EventCost":"","_EventCostDescription":"","_EventCurrencySymbol":"","_EventCurrencyCode":"","_EventCurrencyPosition":"","_EventDateTimeSeparator":"","_EventTimeRangeSeparator":"","_EventOrganizerID":[],"_EventVenueID":[],"_OrganizerEmail":"","_OrganizerPhone":"","_OrganizerWebsite":"","_VenueAddress":"","_VenueCity":"","_VenueCountry":"","_VenueProvince":"","_VenueState":"","_VenueZip":"","_VenuePhone":"","_VenueURL":"","_VenueStateProvince":"","_VenueLat":"","_VenueLng":"","_VenueShowMap":false,"_VenueShowMapLink":false,"_tribe_blocks_recurrence_rules":"","_tribe_blocks_recurrence_description":"","_tribe_blocks_recurrence_exclusions":"","jetpack_post_was_ever_published":false,"_jetpack_newsletter_access":"","_jetpack_dont_email_post_to_subs":false,"_jetpack_newsletter_tier_id":0,"_jetpack_memberships_contains_paywalled_content":false,"_jetpack_memberships_contains_paid_content":false,"footnotes":"","jetpack_publicize_message":"","jetpack_publicize_feature_enabled":true,"jetpack_social_post_already_shared":true,"jetpack_social_options":{"image_generator_settings":{"template":"highway","default_image_id":0,"font":"","enabled":false},"version":2}},"categories":[91],"tags":[],"class_list":["post-9459","post","type-post","status-publish","format-standard","has-post-thumbnail","hentry","category-latest-beo-news"],"jetpack_publicize_connections":[],"jetpack_featured_media_url":"https:\/\/www.basqueeducational.org\/wp-content\/uploads\/2026\/03\/the-little-free-library-program.png","jetpack_sharing_enabled":true,"jetpack_shortlink":"https:\/\/wp.me\/paFejT-2sz","_links":{"self":[{"href":"https:\/\/www.basqueeducational.org\/fr\/wp-json\/wp\/v2\/posts\/9459","targetHints":{"allow":["GET"]}}],"collection":[{"href":"https:\/\/www.basqueeducational.org\/fr\/wp-json\/wp\/v2\/posts"}],"about":[{"href":"https:\/\/www.basqueeducational.org\/fr\/wp-json\/wp\/v2\/types\/post"}],"author":[{"embeddable":true,"href":"https:\/\/www.basqueeducational.org\/fr\/wp-json\/wp\/v2\/users\/1"}],"replies":[{"embeddable":true,"href":"https:\/\/www.basqueeducational.org\/fr\/wp-json\/wp\/v2\/comments?post=9459"}],"version-history":[{"count":1,"href":"https:\/\/www.basqueeducational.org\/fr\/wp-json\/wp\/v2\/posts\/9459\/revisions"}],"predecessor-version":[{"id":9461,"href":"https:\/\/www.basqueeducational.org\/fr\/wp-json\/wp\/v2\/posts\/9459\/revisions\/9461"}],"wp:featuredmedia":[{"embeddable":true,"href":"https:\/\/www.basqueeducational.org\/fr\/wp-json\/wp\/v2\/media\/9460"}],"wp:attachment":[{"href":"https:\/\/www.basqueeducational.org\/fr\/wp-json\/wp\/v2\/media?parent=9459"}],"wp:term":[{"taxonomy":"category","embeddable":true,"href":"https:\/\/www.basqueeducational.org\/fr\/wp-json\/wp\/v2\/categories?post=9459"},{"taxonomy":"post_tag","embeddable":true,"href":"https:\/\/www.basqueeducational.org\/fr\/wp-json\/wp\/v2\/tags?post=9459"}],"curies":[{"name":"wp","href":"https:\/\/api.w.org\/{rel}","templated":true}]}}